{"id":18,"date":"2024-01-28T14:05:06","date_gmt":"2024-01-28T14:05:06","guid":{"rendered":"https:\/\/szuverenitas.mkkp.party\/?p=18"},"modified":"2024-08-25T13:33:40","modified_gmt":"2024-08-25T13:33:40","slug":"nemzeti-konzultaciot-indit-a-magyar-kormany-szlovakiaban","status":"publish","type":"post","link":"https:\/\/szuverenitas.mkkp.party\/?p=18","title":{"rendered":"Nemzeti konzult\u00e1ci\u00f3t ind\u00edt a magyar korm\u00e1ny Szlov\u00e1ki\u00e1ban"},"content":{"rendered":"\n<p>A szuverenit\u00e1sunkat k\u00fclf\u00f6ld\u00f6n is meg kell v\u00e9deni. &#8211; jelentette ki Guly\u00e1s Gergely. A bev\u00e1ndorl\u00e1ssal \u00e9s az \u00f3vod\u00e1sok \u00e1tm\u0171t\u00e9s\u00e9vel kapcsolatos k\u00e9rd\u00e9sek ir\u00e1nyt mutathatnak idegenbe szakadt honfit\u00e1rsainknak is. &#8211; tette hozz\u00e1 a miniszter.<\/p>\n\n\n\n<p>A k\u00e9rd\u0151\u00edvet k\u00f6telez\u0151 \u00f6nk\u00e9ntesen kit\u00f6lteni.<\/p>\n\n\n\n<p>K\u00e9p forr\u00e1sa: Szlov\u00e1kia<\/p>\n","protected":false},"excerpt":{"rendered":"<p>A szuverenit\u00e1sunkat k\u00fclf\u00f6ld\u00f6n is meg kell v\u00e9deni. &#8211; jelentette ki Guly\u00e1s Gergely. A bev\u00e1ndorl\u00e1ssal \u00e9s az \u00f3vod\u00e1sok \u00e1tm\u0171t\u00e9s\u00e9vel kapcsolatos k\u00e9rd\u00e9sek ir\u00e1nyt mutathatnak idegenbe szakadt honfit\u00e1rsainknak is. &#8211; tette hozz\u00e1 a miniszter. A k\u00e9rd\u0151\u00edvet k\u00f6telez\u0151 \u00f6nk\u00e9ntesen<\/p>\n","protected":false},"author":1,"featured_media":193,"comment_status":"closed","ping_status":"closed","sticky":false,"template":"","format":"standard","meta":{"footnotes":""},"categories":[5],"tags":[],"class_list":["post-18","post","type-post","status-publish","format-standard","has-post-thumbnail","hentry","category-top"],"_links":{"self":[{"href":"https:\/\/szuverenitas.mkkp.party\/index.php?rest_route=\/wp\/v2\/posts\/18","targetHints":{"allow":["GET"]}}],"collection":[{"href":"https:\/\/szuverenitas.mkkp.party\/index.php?rest_route=\/wp\/v2\/posts"}],"about":[{"href":"https:\/\/szuverenitas.mkkp.party\/index.php?rest_route=\/wp\/v2\/types\/post"}],"author":[{"embeddable":true,"href":"https:\/\/szuverenitas.mkkp.party\/index.php?rest_route=\/wp\/v2\/users\/1"}],"replies":[{"embeddable":true,"href":"https:\/\/szuverenitas.mkkp.party\/index.php?rest_route=%2Fwp%2Fv2%2Fcomments&post=18"}],"version-history":[{"count":5,"href":"https:\/\/szuverenitas.mkkp.party\/index.php?rest_route=\/wp\/v2\/posts\/18\/revisions"}],"predecessor-version":[{"id":304,"href":"https:\/\/szuverenitas.mkkp.party\/index.php?rest_route=\/wp\/v2\/posts\/18\/revisions\/304"}],"wp:featuredmedia":[{"embeddable":true,"href":"https:\/\/szuverenitas.mkkp.party\/index.php?rest_route=\/wp\/v2\/media\/193"}],"wp:attachment":[{"href":"https:\/\/szuverenitas.mkkp.party\/index.php?rest_route=%2Fwp%2Fv2%2Fmedia&parent=18"}],"wp:term":[{"taxonomy":"category","embeddable":true,"href":"https:\/\/szuverenitas.mkkp.party\/index.php?rest_route=%2Fwp%2Fv2%2Fcategories&post=18"},{"taxonomy":"post_tag","embeddable":true,"href":"https:\/\/szuverenitas.mkkp.party\/index.php?rest_route=%2Fwp%2Fv2%2Ftags&post=18"}],"curies":[{"name":"wp","href":"https:\/\/api.w.org\/{rel}","templated":true}]}}